{"id":18633,"date":"2025-10-07T15:14:52","date_gmt":"2025-10-07T13:14:52","guid":{"rendered":"https:\/\/tatachristiane.com\/univers\/?p=18633"},"modified":"2025-10-07T15:31:45","modified_gmt":"2025-10-07T13:31:45","slug":"maryline-bellieud-vigouroux-le-coeur-a-louvrage","status":"publish","type":"post","link":"https:\/\/tatachristiane.com\/univers\/news-fr\/maryline-bellieud-vigouroux-le-coeur-a-louvrage\/","title":{"rendered":"Maryline Bellieud-Vigouroux: Le Coeur \u00e0 l\u2019Ouvrage"},"content":{"rendered":"<article>\n<nav id=\"toc\" class=\"wp-block-group\">\n<h2>Table des mati\u00e8res<\/h2>\n<ul>\n<li><a href=\"#introduction\">Introduction<\/a><\/li>\n<li><a href=\"#maryline-coeur\">Maryline Bellieud-Vigouroux: Le Coeur \u00e0 l\u2019Ouvrage, par Michel Bourgeois<\/a><\/li>\n<li><a href=\"#un-soutien-aux-createurs\">Un Soutien Aux Cr\u00e9ateurs : L&#8217;Exemple de Tata Christiane<\/a><\/li>\n<li><a href=\"#un-entretien-sous-le-signe\">Un Entretien Sous le Signe de la Transmission<\/a><\/li>\n<li><a href=\"#maryline-coeur-2\">Maryline Bellieud-Vigouroux: Le Coeur \u00e0 l\u2019Ouvrage \u2014 par Michel Bourgeois<\/a><\/li>\n<li><a href=\"#note-texte-inspire\">Note de l\u2019entretien<\/a><\/li>\n<li><a href=\"#histoire-glorieuse\">Une Histoire Glorieuse : La Devise de Marseille<\/a><\/li>\n<li><a href=\"#patronyme-vision\">Un Patronyme et une Vision<\/a><\/li>\n<li><a href=\"#concordance-des-temps\">Concordance des temps<\/a><\/li>\n<li><a href=\"#partenaires-essentiels\">Les Partenaires Essentiels<\/a><\/li>\n<li><a href=\"#strategie-mode\">Une Strat\u00e9gie pour la Mode<\/a><\/li>\n<li><a href=\"#avenir-mode-med\">L\u2019Avenir de la Mode M\u00e9diterran\u00e9enne<\/a>\n<ul>\n<li><a href=\"#reconnaissance-consolidee\">Une reconnaissance consolid\u00e9e<\/a><\/li>\n<\/ul>\n<\/li>\n<li><a href=\"#porte-ouverte-avenir\">Une Porte Ouverte sur l&#8217;Avenir<\/a><\/li>\n<li><a href=\"#michel-bourgeois\">Michel Bourgeois<\/a><\/li>\n<li><a href=\"#points-cles-mmm\">Points Cl\u00e9s des Actions du Fonds de Dotation MMM<\/a>\n<ul>\n<li><a href=\"#soutien-createurs\">Soutien aux Cr\u00e9ateurs M\u00e9diterran\u00e9ens et Africains<\/a><\/li>\n<li><a href=\"#festival-open-my-med\">Festival Open my Med<\/a><\/li>\n<li><a href=\"#expositions-collaborations\">Expositions et Collaborations Internationales<\/a><\/li>\n<li><a href=\"#programmes-bourses\">Programmes de Bourses<\/a><\/li>\n<li><a href=\"#collections-mode\">Collections de Mode<\/a><\/li>\n<li><a href=\"#evenements-culturels-academiques\">\u00c9v\u00e9nements Culturels et Acad\u00e9miques<\/a><\/li>\n<li><a href=\"#mode-responsable\">Engagement pour une Mode Responsable<\/a><\/li>\n<\/ul>\n<\/li>\n<li><a href=\"#nouvelle-equipe\">Pr\u00e9sentation de la Nouvelle \u00c9quipe<\/a>\n<ul>\n<li><a href=\"#jina-luciani\">Jina Luciani : Pr\u00e9sidente Engag\u00e9e<\/a><\/li>\n<li><a href=\"#sakina-msa\">Sakina M&#8217;Sa : Vice-Pr\u00e9sidente<\/a><!-- TABLE DES MATI\u00c8RES --><\/li>\n<\/ul>\n<\/li>\n<\/ul>\n<\/nav>\n<p><img loading=\"lazy\" decoding=\"async\" class=\"aligncenter wp-image-18647 size-large\" src=\"https:\/\/tatachristiane.com\/univers\/wp-content\/uploads\/2025\/09\/23168e50e27a7745-tatachristiane-759x1024.jpg\" alt=\"\" width=\"759\" height=\"1024\" srcset=\"https:\/\/tatachristiane.com\/univers\/wp-content\/uploads\/2025\/09\/23168e50e27a7745-tatachristiane-759x1024.jpg 759w, https:\/\/tatachristiane.com\/univers\/wp-content\/uploads\/2025\/09\/23168e50e27a7745-tatachristiane-222x300.jpg 222w, https:\/\/tatachristiane.com\/univers\/wp-content\/uploads\/2025\/09\/23168e50e27a7745-tatachristiane-768x1036.jpg 768w, https:\/\/tatachristiane.com\/univers\/wp-content\/uploads\/2025\/09\/23168e50e27a7745-tatachristiane-1138x1536.jpg 1138w, https:\/\/tatachristiane.com\/univers\/wp-content\/uploads\/2025\/09\/23168e50e27a7745-tatachristiane-1518x2048.jpg 1518w\" sizes=\"auto, (max-width: 759px) 100vw, 759px\" \/><br \/>\n<!-- CONTENU AVEC ANCRES ET LIENS --><\/p>\n<h2 id=\"introduction\">Introduction<\/h2>\n<p>Il m\u2019a fallu du temps pour enfin mettre cette interview en ligne \u2014 le travail et le rythme de la vie la repoussaient sans cesse. Mais le lancement d\u2019un <a href=\"https:\/\/maisonmodemed.com\/en\/grand-prix-mmm\/appel-a-projets-2026-2028\/\" target=\"_blank\" rel=\"noopener noreferrer nofollow\">nouvel appel \u00e0 projets<\/a> a offert l\u2019\u00e9lan parfait pour y revenir et la partager enfin. Le moment ne pouvait pas \u00eatre mieux choisi : ces prix rappellent avec force l\u2019engagement ind\u00e9fectible de la <a href=\"https:\/\/dotationmodemed.fr\/\" target=\"_blank\" rel=\"noopener noreferrer nofollow\">Maison Mode M\u00e9diterran\u00e9e<\/a> envers les secteurs qui fa\u00e7onnent le rayonnement culturel du bassin m\u00e9diterran\u00e9en et de l\u2019Afrique.<\/p>\n<p>Plus que de simples r\u00e9compenses, ils incarnent une vision. Ils favorisent la coop\u00e9ration entre la M\u00e9diterran\u00e9e et l\u2019Afrique, nourrissant savoirs, recherches, cr\u00e9ativit\u00e9 et artisanat. Ils mettent en lumi\u00e8re l\u2019\u00e9co-responsabilit\u00e9, la durabilit\u00e9 et la transformation \u00e0 l\u2019\u00e8re des nouvelles technologies. Chaque prix associe financement, mentorat et m\u00e9c\u00e9nat de comp\u00e9tences sur deux ans, soutenant \u00e0 la fois le d\u00e9veloppement de marques \u00e9mergentes et les recherches de doctorants, historiens, journalistes et chercheurs en mode. La MMM amplifie \u00e9galement la visibilit\u00e9 m\u00e9diatique et s\u2019engage dans la m\u00e9diation culturelle autour des projets laur\u00e9ats, garantissant un impact qui d\u00e9passe largement le seul monde de la mode.<\/p>\n<p>Les laur\u00e9ats b\u00e9n\u00e9ficient de l\u2019accompagnement de figures de premier plan issues des coll\u00e8ges strat\u00e9giques de la MMM, du jury, de ses partenaires et de son Conseil d\u2019administration : un r\u00e9seau unique qui relie cr\u00e9ation, production, communication, image et dialogue interculturel.<\/p>\n<p><img loading=\"lazy\" decoding=\"async\" class=\"aligncenter wp-image-18643 size-large\" src=\"https:\/\/tatachristiane.com\/univers\/wp-content\/uploads\/2025\/09\/44368e50e196fb47-tatachristiane-1024x768.jpg\" alt=\"\" width=\"1024\" height=\"768\" srcset=\"https:\/\/tatachristiane.com\/univers\/wp-content\/uploads\/2025\/09\/44368e50e196fb47-tatachristiane-1024x768.jpg 1024w, https:\/\/tatachristiane.com\/univers\/wp-content\/uploads\/2025\/09\/44368e50e196fb47-tatachristiane-300x225.jpg 300w, https:\/\/tatachristiane.com\/univers\/wp-content\/uploads\/2025\/09\/44368e50e196fb47-tatachristiane-768x576.jpg 768w, https:\/\/tatachristiane.com\/univers\/wp-content\/uploads\/2025\/09\/44368e50e196fb47-tatachristiane-1536x1152.jpg 1536w, https:\/\/tatachristiane.com\/univers\/wp-content\/uploads\/2025\/09\/44368e50e196fb47-tatachristiane-640x480.jpg 640w, https:\/\/tatachristiane.com\/univers\/wp-content\/uploads\/2025\/09\/44368e50e196fb47-tatachristiane.jpg 1600w\" sizes=\"auto, (max-width: 1024px) 100vw, 1024px\" \/><\/p>\n<h2 id=\"maryline-coeur\">Maryline Bellieud-Vigouroux: Le Coeur \u00e0 l\u2019Ouvrage, par Michel Bourgeois<\/h2>\n<p>Cet entretien avec <a href=\"https:\/\/pretaporter.com\/en\/2018\/05\/23\/3-questions-for-maryline-bellieud-vigouroux-in-charge-of-public-relations-and-sponsorships-for-the-maison-mediterraneenne-des-metiers-de-la-mode\/\" rel=\"nofollow noopener\" target=\"_blank\">Maryline Bellieud Vigouroux<\/a> nous plonge au c\u0153ur de l\u2019histoire et des ambitions de celle qui a su ancrer la mode dans le paysage culturel de <a href=\"https:\/\/fr.wikipedia.org\/wiki\/Marseille\" target=\"_blank\" rel=\"noopener noreferrer nofollow\">Marseille<\/a> et au-del\u00e0, dans tout le bassin m\u00e9diterran\u00e9en. Fondatrice du <a href=\"https:\/\/dotationmodemed.fr\/\" target=\"_blank\" rel=\"noopener noreferrer nofollow\">Fonds de Dotation Maison Mode M\u00e9diterran\u00e9e (MMM)<\/a>, Maryline Bellieud Vigouroux a d\u00e9di\u00e9 plus de trois d\u00e9cennies \u00e0 encourager l\u2019\u00e9mergence de talents et \u00e0 promouvoir une vision de la mode inclusive, ouverte sur le monde.<\/p>\n<h3 id=\"un-soutien-aux-createurs\">Un Soutien Aux Cr\u00e9ateurs : L&#8217;Exemple de Tata Christiane<\/h3>\n<p>Parmi les cr\u00e9ateurs que MMM a soutenus, <a href=\"https:\/\/www.tatachristiane.com\/\" target=\"_blank\" rel=\"noopener noreferrer\">Tata Christiane<\/a>, laur\u00e9ate de la p\u00e9riode 2020-2021, incarne cette d\u00e9marche en d\u00e9veloppant une esth\u00e9tique unique et engag\u00e9e. Ce dialogue \u00e9claire les valeurs et la strat\u00e9gie de <a href=\"https:\/\/dotationmodemed.fr\/personne\/maryline-bellieud-vigouroux\/\" rel=\"nofollow noopener\" target=\"_blank\">Maryline Bellieud Vigouroux<\/a>, dont le parcours est marqu\u00e9 par une qu\u00eate de transmission, d&#8217;innovation et d&#8217;\u00e9galit\u00e9 dans le monde de la mode, et qui continue aujourd\u2019hui d\u2019inspirer la sc\u00e8ne m\u00e9diterran\u00e9enne et internationale.<\/p>\n<p><img loading=\"lazy\" decoding=\"async\" class=\"aligncenter wp-image-18654 size-large\" src=\"https:\/\/tatachristiane.com\/univers\/wp-content\/uploads\/2025\/09\/38168e5102a846a6-tatachristiane-1024x683.jpg\" alt=\"\" width=\"1024\" height=\"683\" srcset=\"https:\/\/tatachristiane.com\/univers\/wp-content\/uploads\/2025\/09\/38168e5102a846a6-tatachristiane-1024x683.jpg 1024w, https:\/\/tatachristiane.com\/univers\/wp-content\/uploads\/2025\/09\/38168e5102a846a6-tatachristiane-300x200.jpg 300w, https:\/\/tatachristiane.com\/univers\/wp-content\/uploads\/2025\/09\/38168e5102a846a6-tatachristiane-768x512.jpg 768w, https:\/\/tatachristiane.com\/univers\/wp-content\/uploads\/2025\/09\/38168e5102a846a6-tatachristiane.jpg 1500w\" sizes=\"auto, (max-width: 1024px) 100vw, 1024px\" \/><\/p>\n<h2 id=\"un-entretien-sous-le-signe\">Un Entretien Sous le Signe de la Transmission<\/h2>\n<p>Pour cet entretien avec Maryline Bellieud Vigouroux, qui de mieux plac\u00e9 que Michel Bourgeois, mon p\u00e8re, homme d\u2019engagement et passionn\u00e9 de culture, pour explorer les valeurs et les ambitions de cette grande figure de la mode m\u00e9diterran\u00e9enne ? Avec son riche parcours, entre sa carri\u00e8re \u00e0 la <a href=\"https:\/\/www.sncf.com\/fr\" target=\"_blank\" rel=\"noopener noreferrer nofollow\">SNCF<\/a>, son amour des arts, et ses nombreuses actions humanitaires et citoyennes, Michel Bourgeois incarne un regard empreint de curiosit\u00e9 et de bienveillance. Cet \u00e9change, men\u00e9 par un homme de 73 ans, toujours engag\u00e9, et soucieux de transmission, promet d\u2019\u00e9clairer avec profondeur le travail de Maryline Bellieud Vigouroux, en le situant dans une perspective d\u2019humanisme et de partage interg\u00e9n\u00e9rationnel.<\/p>\n<h2 id=\"maryline-coeur-2\">Maryline Bellieud-Vigouroux: Le Coeur \u00e0 l\u2019Ouvrage<br \/>\npar Michel Bourgeois<\/h2>\n<p id=\"note-texte-inspire\">(Texte inspir\u00e9 des propos recueillis au cours de l\u2019entretien t\u00e9l\u00e9phonique que Maryline a bien voulu m\u2019accorder le vendredi 17 octobre 2024 et de ses pr\u00e9cieuses notes re\u00e7ues par la suite)<\/p>\n<p><img loading=\"lazy\" decoding=\"async\" class=\"aligncenter wp-image-18640 size-large\" src=\"https:\/\/tatachristiane.com\/univers\/wp-content\/uploads\/2025\/09\/63168e50e0c4e580-tatachristiane-1024x768.jpg\" alt=\"Maryline Bellieud-Vigouroux: Le Coeur \u00e0 l\u2019Ouvrage\" width=\"1024\" height=\"768\" srcset=\"https:\/\/tatachristiane.com\/univers\/wp-content\/uploads\/2025\/09\/63168e50e0c4e580-tatachristiane-1024x768.jpg 1024w, https:\/\/tatachristiane.com\/univers\/wp-content\/uploads\/2025\/09\/63168e50e0c4e580-tatachristiane-300x225.jpg 300w, https:\/\/tatachristiane.com\/univers\/wp-content\/uploads\/2025\/09\/63168e50e0c4e580-tatachristiane-768x576.jpg 768w, https:\/\/tatachristiane.com\/univers\/wp-content\/uploads\/2025\/09\/63168e50e0c4e580-tatachristiane-1536x1152.jpg 1536w, https:\/\/tatachristiane.com\/univers\/wp-content\/uploads\/2025\/09\/63168e50e0c4e580-tatachristiane-640x480.jpg 640w, https:\/\/tatachristiane.com\/univers\/wp-content\/uploads\/2025\/09\/63168e50e0c4e580-tatachristiane.jpg 1600w\" sizes=\"auto, (max-width: 1024px) 100vw, 1024px\" \/><\/p>\n<h2 id=\"histoire-glorieuse\">Une Histoire Glorieuse : La Devise de Marseille<\/h2>\n<p>La devise de Marseille est: <em>Actibus Immensis Urbs Fulget Massiliensis<\/em>. Soit: <strong>Marseille resplendit par ses faits glorieux<\/strong>. Cette devise n\u2019a pas quitt\u00e9 notre ville depuis sa fondation il y a plus de 2.600 ans. Fondation d\u00e9j\u00e0 nimb\u00e9e de gloire et d\u2019esprit de l\u00e9gende par le couple fameux <a href=\"https:\/\/fr.wikipedia.org\/wiki\/L%C3%A9gende_de_Gyptis_et_Protis\" target=\"_blank\" rel=\"noopener noreferrer nofollow\">Gyptis (la S\u00e9gobrige) et Protis (le Phoc\u00e9en)<\/a>.<\/p>\n<p>Le cin\u00e9aste John Ford disait \u00abEcrivez la l\u00e9gende\u00bb. Marseille n\u2019a eu de cesse d\u2019\u00e9crire la sienne. Au cours de son histoire, la gloire ne lui a jamais manqu\u00e9 dans des domaines aussi diff\u00e9rents que l\u2019Histoire (apog\u00e9e avec \u00ab<a href=\"https:\/\/fr.wikipedia.org\/wiki\/La_Marseillaise\" target=\"_blank\" rel=\"noopener noreferrer nofollow\">la Marseillaise<\/a>\u00bb devenu l\u2019hymne national fran\u00e7ais par la gr\u00e2ce de marseillais \u00abmont\u00e9s\u00bb \u00e0 Paris pour \u00absupporter\u00bb la R\u00e9volution Fran\u00e7aise), l\u2019ouverture au Monde par un Port mill\u00e9naire, l\u2019Astronomie, le Commerce, les Arts, le Sport\u2026<\/p>\n<p>Il ne manquait que Les Arts de la Mode \u00e0 int\u00e9grer dans cette galaxie. Telle est la mission que s\u2019est donn\u00e9e, il y a maintenant plus de trente cinq ans, Maryline Bellieud-Vigouroux.<\/p>\n<p><img loading=\"lazy\" decoding=\"async\" class=\"aligncenter wp-image-18642 size-full\" src=\"https:\/\/tatachristiane.com\/univers\/wp-content\/uploads\/2025\/09\/20068e50e16ee9f9-tatachristiane.jpg\" alt=\"\" width=\"800\" height=\"465\" srcset=\"https:\/\/tatachristiane.com\/univers\/wp-content\/uploads\/2025\/09\/20068e50e16ee9f9-tatachristiane.jpg 800w, https:\/\/tatachristiane.com\/univers\/wp-content\/uploads\/2025\/09\/20068e50e16ee9f9-tatachristiane-300x174.jpg 300w, https:\/\/tatachristiane.com\/univers\/wp-content\/uploads\/2025\/09\/20068e50e16ee9f9-tatachristiane-768x446.jpg 768w\" sizes=\"auto, (max-width: 800px) 100vw, 800px\" \/><\/p>\n<h2 id=\"patronyme-vision\">Un Patronyme et une Vision<\/h2>\n<p>Vigouroux. Un patronyme fort, familier aux Marseillaises et aux Marseillais.<\/p>\n<p>Robert, d\u2019abord, signa un grand chelem en 1989 pour les Elections Municipales. Cette victoire in\u00e9dite devait lui renouveler pour six ans (jusqu\u2019en 1995) son mandat de maire apr\u00e8s les trois ann\u00e9es pass\u00e9es \u00e0 la succession, en 1986, de Gaston Defferre \u00e0 la t\u00eate de la deuxi\u00e8me ville de France.<\/p>\n<p>Son \u00e9pouse, Maryline, nous venons de le dire, allait inscrire la Cit\u00e9 Phoc\u00e9enne dans la seule perspective culturelle, artistique et universelle qui lui manquait: La Mode ou l\u2019Art de V\u00eatir.<\/p>\n<p>Une pr\u00e9disposition \u00e0 la reconnaissance par le travail, \u00e0 l\u2019engagement et \u00e0 l\u2019universalisme cosmopolite.<\/p>\n<p>A la sollicitation \u00e9l\u00e9mentaire de d\u00e9finir ses origines, c\u2019est bien par ce triptyque que Maryline (elle demande \u00e0 ses interlocuteurs l\u2019usage de son pr\u00e9nom comme un d\u00e9fi au temps) pose les bases de sa personnalit\u00e9.<\/p>\n<p>Une origine italienne, plus exactement napolitaine, par la famille de sa m\u00e8re et, par celle de son p\u00e8re, des racines au creux de l\u2019Aveyron. Dans les deux familles d\u2019origine modeste, pr\u00e9domine la culture de l\u2019int\u00e9gration et de l\u2019ascension sociale par le travail. La menuiserie, en Campanie, en Rouergue, la draperie, donnent des signaux forts sur la noblesse de l\u2019artisanat dans laquelle, d\u00e8s l\u2019\u00e2ge de cinq ans, Maryline trouvera d\u00e9j\u00e0 les \u00e9chos de sa vie future. Mais un autre signal, majeur pour la suite, lui sera donn\u00e9 par un grand p\u00e8re aveyronnais, d\u00e9port\u00e9 aux travaux forc\u00e9s pour avoir aid\u00e9 des familles juives dans une France, en grande partie, d\u00e9figur\u00e9e par la Collaboration. Quelle autre ville que Marseille pouvait mieux accueillir un esprit ainsi fa\u00e7onn\u00e9 par ses souches, son histoire et l\u2019Histoire?<\/p>\n<p><a href=\"https:\/\/tatachristiane.com\/univers\/wp-content\/uploads\/2025\/09\/67168e50e3e9fe6c-tatachristiane.jpg\"><img loading=\"lazy\" decoding=\"async\" class=\"aligncenter wp-image-18650 size-large\" src=\"https:\/\/tatachristiane.com\/univers\/wp-content\/uploads\/2025\/09\/67168e50e3e9fe6c-tatachristiane-1024x683.jpg\" alt=\"\" width=\"1024\" height=\"683\" srcset=\"https:\/\/tatachristiane.com\/univers\/wp-content\/uploads\/2025\/09\/67168e50e3e9fe6c-tatachristiane-1024x683.jpg 1024w, https:\/\/tatachristiane.com\/univers\/wp-content\/uploads\/2025\/09\/67168e50e3e9fe6c-tatachristiane-300x200.jpg 300w, https:\/\/tatachristiane.com\/univers\/wp-content\/uploads\/2025\/09\/67168e50e3e9fe6c-tatachristiane-768x512.jpg 768w, https:\/\/tatachristiane.com\/univers\/wp-content\/uploads\/2025\/09\/67168e50e3e9fe6c-tatachristiane-1536x1024.jpg 1536w, https:\/\/tatachristiane.com\/univers\/wp-content\/uploads\/2025\/09\/67168e50e3e9fe6c-tatachristiane-2048x1366.jpg 2048w\" sizes=\"auto, (max-width: 1024px) 100vw, 1024px\" \/><\/a><\/p>\n<h2 id=\"concordance-des-temps\">Concordance des temps<\/h2>\n<p>1986: Au d\u00e9c\u00e8s de Gaston Defferre, Robert Vigouroux est \u00e9lu Maire de Marseille. Bien plus qu\u2019au monde politique, il doit une renomm\u00e9e mondiale \u00e0 sa carri\u00e8re de neurochirurgien et une reconnaissance locale pour divers engagements aupr\u00e8s des plus d\u00e9favoris\u00e9s.<\/p>\n<p>Maryline, m\u00e8re de famille de Sophie (10 ans) et Aur\u00e9lia (6 ans), s\u2019interroge sur le \u00abstatut de femme du Maire\u00bb. La conclusion qui s\u2019impose rapidement \u00e0 elle est d\u2019optimiser ce statut plut\u00f4t que le g\u00e9rer en l\u2019\u00e9tat (dans le meilleur des cas) ou le subir (dans le pire).<\/p>\n<p>Sa sensibilit\u00e9 se tourne naturellement sur les principaux points d\u2019attraction que pr\u00e9sente la ville dont son mari est devenu le Maire. Multiculturelle par son m\u00e9lange de communaut\u00e9s toutes plus cr\u00e9atives les unes que les autres (italiennes, isra\u00e9lites, arm\u00e9niennes, maghr\u00e9bines, africaines\u2026), la Ville de Marseille offre un bouillonnement permanent qui se veut \u00e0 la port\u00e9e de tous, loin d\u2019un \u00e9litisme port\u00e9 par les capitales europ\u00e9ennes, dont Paris. Certains lieux marseillais portent particuli\u00e8rement cette originalit\u00e9 effervescente, le <a href=\"https:\/\/fr.wikipedia.org\/wiki\/Cours_Julien\" target=\"_blank\" rel=\"noopener noreferrer nofollow\">Cours Julien<\/a> en est un exemple singulier ; des noms de stylistes se distinguent et prennent leur essor, Zaza of Marseille, donne, non pas le La, mais le D\u00e9 (\u00e0 coudre). La Mode s\u2019impose \u00e0 Maryline comme un vrai facteur de cette d\u00e9centralisation culturelle voulue par le pr\u00e9d\u00e9cesseur de son mari et soutenu par lui \u00e0 pr\u00e9sent qu\u2019il est aux affaires. Cycle des saisons, promotion des lieux (plus seulement Paris ou Lyon), reconnaissance r\u00e9gionale puis internationale\u2026 La feuille de route se dessine. L\u2019aventure peut commencer. Mais s\u2019il y a bien une le\u00e7on que Marseille donne c\u2019est qu\u2019aucune travers\u00e9e ne peut se faire sans un bon \u00e9quipage. Maryline va s\u2019y employer.<\/p>\n<p><img loading=\"lazy\" decoding=\"async\" class=\"aligncenter wp-image-18646 size-full\" src=\"https:\/\/tatachristiane.com\/univers\/wp-content\/uploads\/2025\/09\/91268e50e261ef9f-tatachristiane.jpg\" alt=\"\" width=\"614\" height=\"226\" srcset=\"https:\/\/tatachristiane.com\/univers\/wp-content\/uploads\/2025\/09\/91268e50e261ef9f-tatachristiane.jpg 614w, https:\/\/tatachristiane.com\/univers\/wp-content\/uploads\/2025\/09\/91268e50e261ef9f-tatachristiane-300x110.jpg 300w\" sizes=\"auto, (max-width: 614px) 100vw, 614px\" \/><\/p>\n<h2 id=\"partenaires-essentiels\">Les Partenaires Essentiels<\/h2>\n<p>Au fil des ann\u00e9es, les noms se succ\u00e8dent dans leurs diff\u00e9rentes et respectives implications.<\/p>\n<p><strong>1987:<\/strong> Jacques Mouclier (1924\/2015), Pr\u00e9sident de la <a href=\"https:\/\/www.fhcm.paris\/fr\/federation-de-la-haute-couture-et-de-la-mode\" target=\"_blank\" rel=\"noopener noreferrer nofollow\">Chambre Syndicale de la Haute Couture<\/a> apporte le soutien essentiel, le gage de r\u00e9f\u00e9rences et d\u2019ouverture r\u00e9ciproque sur l\u2019Etranger qui seront \u00e0 la base de la d\u00e9finition, ax\u00e9e sur le contemporain, des missions de la Maison Mode M\u00e9diterran\u00e9e et du Mus\u00e9e de la Mode..<\/p>\n<p><strong>1988:<\/strong> <a href=\"https:\/\/fondationazzedinealaia.org\/fr\/\" target=\"_blank\" rel=\"noopener noreferrer nofollow\">Azzedine Ala\u00efa<\/a> (1935\/2017), premier pr\u00e9sident de La Maison Mode M\u00e9diterran\u00e9e qui signera son d\u00e9but de mandat par une donation de 80 mod\u00e8les de ses collections et son engagement par une exposition Chanel \u00e0 Bor\u00e9ly qui rassemblera harmonieusement les sommit\u00e9s de la Mode Fran\u00e7aise (Saint Laurent, Pierre Berg\u00e9, K. Lagerfeld\u2026). L\u2019\u00e9v\u00e8nement signera en quelque sorte l\u2019acte de naissance de l\u2019association Maison Mode M\u00e9diterran\u00e9e fondatrice du Mus\u00e9e de la Mode.<\/p>\n<p><strong>1988:<\/strong> <a href=\"https:\/\/www.chanel.com\/fr\/\" target=\"_blank\" rel=\"noopener noreferrer nofollow\">La Maison Chanel<\/a>, partenaire et m\u00e9c\u00e8ne historique depuis la date de l\u2019ouverture du Mus\u00e9e de la Mode, concr\u00e9tise son soutien en co-organisant la premi\u00e8re exposition en France consacr\u00e9e \u00e0 Gabrielle, \u00ab Chanel Marseille Pass\u00e9-Pr\u00e9sent \u00bb, o\u00f9 80 mod\u00e8les sont expos\u00e9s parmi lesquels les 24 pi\u00e8ces exceptionnelles appartenant \u00e0 la collection Lilou Marquand ex Grumbach (1931\/-), acquises gr\u00e2ce au m\u00e9c\u00e9nat et au soutien du monde \u00e9conomique marseillais, qui illustrent, \u00e0 partir de l\u2019exploitation du jersey, l\u2019\u00e9volution vestimentaire vers la libert\u00e9 du corps de la femme.<\/p>\n<p>Fran\u00e7oise Montenay, pr\u00e9sidente de la SAS Chanel, qui fut pr\u00e9sidente de Mode Chanel pendant 15 ans, amie de c\u0153ur et mentor infatigable de Maryline.<\/p>\n<p>Depuis 15 ans, Bruno Pavlovski, actuel pr\u00e9sident de Mode Chanel qui a su d\u00e9velopper et pr\u00e9server tous les m\u00e9tiers d\u2019art (38 au total) dont certains (17) sont r\u00e9unis au sein du <a href=\"https:\/\/www.le19m.com\/fr\/galerie\" target=\"_blank\" rel=\"noopener noreferrer nofollow\">19 M<\/a> \u00e0 Aubervilliers, hub hypercr\u00e9atif que l\u2019on doit \u00e0 une figure de l\u2019architecture bien connue des marseillaises et des marseillais: <a href=\"https:\/\/fr.wikipedia.org\/wiki\/Rudy_Ricciotti\" target=\"_blank\" rel=\"noopener noreferrer nofollow\">Rudi Ricciotti<\/a> (Mucem).<\/p>\n<p>En mai 2024, Maryline et Bruno Pavlovski re\u00e7oivent conjointement des mains de Beno\u00eet Payan, l\u2019actuel Maire de Marseille, la m\u00e9daille d\u2019honneur de la Ville pour saluer leur engagement \u00e0 placer Marseille sur l\u2019\u00e9chiquier international des villes de Mode, non pas \u00e0 la mode&#8230;<\/p>\n<p>A travers ses multiples partenariats que d\u2019autres vont venir compl\u00e9ter se dessine une volont\u00e9, une dynamique et bien s\u00fbr des r\u00e9alisations de plus en plus marquantes. En un mot: une strat\u00e9gie.<\/p>\n<p><img loading=\"lazy\" decoding=\"async\" class=\"aligncenter wp-image-18648 size-large\" src=\"https:\/\/tatachristiane.com\/univers\/wp-content\/uploads\/2025\/09\/11968e50e30ca974-tatachristiane-759x1024.jpg\" alt=\"\" width=\"759\" height=\"1024\" srcset=\"https:\/\/tatachristiane.com\/univers\/wp-content\/uploads\/2025\/09\/11968e50e30ca974-tatachristiane-759x1024.jpg 759w, https:\/\/tatachristiane.com\/univers\/wp-content\/uploads\/2025\/09\/11968e50e30ca974-tatachristiane-222x300.jpg 222w, https:\/\/tatachristiane.com\/univers\/wp-content\/uploads\/2025\/09\/11968e50e30ca974-tatachristiane-768x1036.jpg 768w, https:\/\/tatachristiane.com\/univers\/wp-content\/uploads\/2025\/09\/11968e50e30ca974-tatachristiane-1138x1536.jpg 1138w, https:\/\/tatachristiane.com\/univers\/wp-content\/uploads\/2025\/09\/11968e50e30ca974-tatachristiane-1518x2048.jpg 1518w\" sizes=\"auto, (max-width: 759px) 100vw, 759px\" \/><\/p>\n<h2 id=\"strategie-mode\">Une Strat\u00e9gie pour la Mode<\/h2>\n<p>Cette strat\u00e9gie pourrait se r\u00e9sumer par la formule \u00ab s\u2019ouvrir par le haut pour le bas \u00bb. Le bas de la pyramide sociale, c\u2019est \u00e0 dire ceux qui la construisent et la font vivre. En effet, il n\u2019est pas dans les intentions de Maryline de sacrifier \u00e0 l\u2019\u00e9litisme sans en tirer les b\u00e9n\u00e9fices de notori\u00e9t\u00e9 permettant de construire un enseignement de la Mode pour tous et rompre ainsi l\u2019isolement des cr\u00e9ateurs dans leurs premiers pas. Un cycle (rappelons-nous le Cycle des saisons) se met en place. Pendant 20 ans, les Rencontres de la Mode n\u2019ont pas d\u2019autre objet que de mettre en place des formations \u00e0 la Mode dans les sph\u00e8res de l\u2019Enseignement autant public que priv\u00e9.<\/p>\n<p>L\u2019ann\u00e9e scolaire 2010\/2011 voit la cr\u00e9ation d\u2019un Cursus complet \u2013 licence et masters, management des m\u00e9tiers de la Mode et du textile, cr\u00e9atif et administratif \u2013 au sein d\u2019<a href=\"https:\/\/www.univ-amu.fr\/\" target=\"_blank\" rel=\"noopener noreferrer nofollow\">Aix Marseille Universit\u00e9<\/a>, la plus grande Universit\u00e9 de France, dont Yvon Berland \u2013 un autre membre de \u00abl\u2019\u00e9quipage\u00bb \u2013 en est le pr\u00e9sident jusqu\u2019en 2019. Un seul but reconnu : atteindre au sommet de l\u2019expertise. Avec le temps, les liens et trames universitaires se fortifient et les r\u00e9seaux se forment avec les marques (<a href=\"https:\/\/www.gucci.com\/\" target=\"_blank\" rel=\"noopener noreferrer nofollow\">Gucci<\/a>, <a href=\"https:\/\/www.ysl.com\/\" target=\"_blank\" rel=\"noopener noreferrer nofollow\">Saint Laurent<\/a>) pour accueillir les jeunes dipl\u00f4m\u00e9s: un \u00absyst\u00e8me\u00bb unique en France. C\u2019est la r\u00e9alit\u00e9 d\u2019aujourd\u2019hui. En t\u00e9moigne le Chanel D\u00e9fil\u00e9 Croisi\u00e8re organis\u00e9 \u00e0 Marseille en 2023.<\/p>\n<p>Mais revenons un peu en arri\u00e8re&#8230;<\/p>\n<p>Il n\u2019est point de strat\u00e9gie sans point culminant. Sans rencontre d\u00e9cisive.<\/p>\n<p><img loading=\"lazy\" decoding=\"async\" class=\"aligncenter wp-image-18649 size-large\" src=\"https:\/\/tatachristiane.com\/univers\/wp-content\/uploads\/2025\/09\/98268e50e3944e38-tatachristiane-1024x683.jpg\" alt=\"\" width=\"1024\" height=\"683\" srcset=\"https:\/\/tatachristiane.com\/univers\/wp-content\/uploads\/2025\/09\/98268e50e3944e38-tatachristiane-1024x683.jpg 1024w, https:\/\/tatachristiane.com\/univers\/wp-content\/uploads\/2025\/09\/98268e50e3944e38-tatachristiane-300x200.jpg 300w, https:\/\/tatachristiane.com\/univers\/wp-content\/uploads\/2025\/09\/98268e50e3944e38-tatachristiane-768x512.jpg 768w, https:\/\/tatachristiane.com\/univers\/wp-content\/uploads\/2025\/09\/98268e50e3944e38-tatachristiane-1536x1024.jpg 1536w, https:\/\/tatachristiane.com\/univers\/wp-content\/uploads\/2025\/09\/98268e50e3944e38-tatachristiane-2048x1366.jpg 2048w\" sizes=\"auto, (max-width: 1024px) 100vw, 1024px\" \/><\/p>\n<p>Un simple rappel. 1989: une coalition politique de fait &#8211; Jean Claude Gaudin pour la R\u00e9gion, Lucien Weygand pour le D\u00e9partement et Robert Vigouroux pour la Ville de Marseille \u2013 se met en place pour \u00abreconqu\u00e9rir\u00bb, au point de vue \u00e9conomique et image, la <a href=\"https:\/\/fr.wikipedia.org\/wiki\/Canebi%C3%A8re\" target=\"_blank\" rel=\"noopener noreferrer nofollow\">Canebi\u00e8re<\/a>, l\u2019art\u00e8re principale de la ville (qui se veut, comme dans la chanson d\u2019Alibert, mondialement connue&#8230;). Entre autres projets, prend corps celui de l\u2019Espace Mode M\u00e9diterran\u00e9e au coeur duquel figurera le Mus\u00e9e de la Mode, implant\u00e9 dans l\u2019immeuble d\u00e9saffect\u00e9 des anciens \u00e9tablissements Sigrand Covett et inaugur\u00e9 en 1993 avec l\u2019exposition Exotismes: Yves Saint Laurent.<\/p>\n<p>Le Pr\u00e9sident <a href=\"https:\/\/fr.wikipedia.org\/wiki\/Fran%C3%A7ois_Mitterrand\" target=\"_blank\" rel=\"noopener noreferrer nofollow\">Fran\u00e7ois Mitterrand<\/a> et son Ministre de la Culture, <a href=\"https:\/\/fr.wikipedia.org\/wiki\/Jack_Lang\" target=\"_blank\" rel=\"noopener noreferrer nofollow\">Jack Lang<\/a>, soutiennent cette ambition en y voyant un projet d\u2019\u00e9tat conceptualis\u00e9 de haute tenue et repr\u00e9sentatif de leur politique culturelle d\u00e9centralis\u00e9e. L\u2019\u00c9tat y apportera une participation au budget de 40%, les 60% restant \u00e9galement r\u00e9partis entre la Ville, le D\u00e9partement et la R\u00e9gion. L\u2019architecte <a href=\"https:\/\/fr.wikipedia.org\/wiki\/Michel_Wilmotte\" target=\"_blank\" rel=\"noopener noreferrer nofollow\">Michel Wilmotte<\/a> remportera le march\u00e9 pour la conception et la r\u00e9alisation.<\/p>\n<p>Mais la strat\u00e9gie peut \u00e9galement conna\u00eetre des retournements de situation. Alors que Marseille c\u00e9l\u00e8bre sa nomination en tant que Capitale Europ\u00e9enne de la Culture 2013, le Maire de Marseille, Jean Claude Gaudin, d\u00e9cide, avec son Conseil Municipal, d\u2019abandonner la Canebi\u00e8re et de transf\u00e9rer le Mus\u00e9e de la Mode au <a href=\"https:\/\/musees.marseille.fr\/chateau-borely-musee-des-arts-decoratifs-de-la-faience-et-de-la-mode\" target=\"_blank\" rel=\"noopener noreferrer nofollow\">Chateau Bor\u00e9ly<\/a>, r\u00e9quisitionn\u00e9 pour devenir le Mus\u00e9e des Arts D\u00e9coratifs de la Fa\u00efence et de la Mode. Ce qui peut para\u00eetre paradoxal ne serait-ce qu\u2019au point de vue de la notori\u00e9t\u00e9 du lieu mythique d\u00e9laiss\u00e9.. Le Mus\u00e9e de la Mode c\u00e9dera la place \u00e0 un Office du Tourisme&#8230;<\/p>\n<p>Ceci ne peut que nous interpeller sur l\u2019avenir&#8230; et les fluctuations politiques.<\/p>\n<p><img loading=\"lazy\" decoding=\"async\" class=\"aligncenter wp-image-18653 size-large\" src=\"https:\/\/tatachristiane.com\/univers\/wp-content\/uploads\/2025\/09\/90268e50e534806c-tatachristiane-1024x576.jpg\" alt=\"\" width=\"1024\" height=\"576\" srcset=\"https:\/\/tatachristiane.com\/univers\/wp-content\/uploads\/2025\/09\/90268e50e534806c-tatachristiane-1024x576.jpg 1024w, https:\/\/tatachristiane.com\/univers\/wp-content\/uploads\/2025\/09\/90268e50e534806c-tatachristiane-300x169.jpg 300w, https:\/\/tatachristiane.com\/univers\/wp-content\/uploads\/2025\/09\/90268e50e534806c-tatachristiane-768x432.jpg 768w, https:\/\/tatachristiane.com\/univers\/wp-content\/uploads\/2025\/09\/90268e50e534806c-tatachristiane-1536x864.jpg 1536w, https:\/\/tatachristiane.com\/univers\/wp-content\/uploads\/2025\/09\/90268e50e534806c-tatachristiane-2048x1152.jpg 2048w\" sizes=\"auto, (max-width: 1024px) 100vw, 1024px\" \/><\/p>\n<h2 id=\"avenir-mode-med\">L\u2019Avenir de la Mode M\u00e9diterran\u00e9enne<\/h2>\n<p>Port\u00e9e par Maryline, la sp\u00e9cificit\u00e9 de Marseille \u2013 M\u00e9tropole Euro M\u00e9diterran\u00e9enne et Africaine \u2013 pose plus que tout sa l\u00e9gitimit\u00e9 \u00e0 dire, \u00e0 faire, \u00e0 innover. Paris reste Paris mais Marseille devient Marseille Plus. 22 pays dont 17 de la rive Sud de la M\u00e9diterran\u00e9e constituent un r\u00e9seau de cr\u00e9ateurs de Mode unique, une couverture internationale dont les bases restent cependant dans les pays d\u2019origine, m\u00eame quand ceux-ci, boulevers\u00e9s par les guerres ou les crises sanitaires, ont du mal \u00e0 tenir debout. Tous les deux ans un syst\u00e8me de bourses p\u00e9rennise un lien et dessine une maison commune, une famille, parfois un foyer affectif de remplacement..<\/p>\n<h3 id=\"reconnaissance-consolidee\">Une reconnaissance consolid\u00e9e<\/h3>\n<p>Les reconnaissances pour tout ce travail sont venues de diff\u00e9rents horizons.<\/p>\n<p>Du Pr\u00e9sident <a href=\"https:\/\/www.elysee.fr\/emmanuel-macron\" target=\"_blank\" rel=\"noopener noreferrer nofollow\">Emmanuel Macron<\/a>, d\u2019abord, au Sommet de la M\u00e9diterran\u00e9e en 2019 r\u00e9unissant 5 pays europ\u00e9ens et 5 pays africains, qui valide le concept \u00abUnion des Deux Rives\u00bb comme un label reconnu du vivre ensemble et de la d\u00e9centralisation au niveau intercontinental.<\/p>\n<p>De l\u2019<a href=\"https:\/\/www.unesco.org\/fr\" target=\"_blank\" rel=\"noopener noreferrer nofollow\">Unesco<\/a> ensuite, en suivi du travail de <a href=\"https:\/\/www.unesco.org\/fr\/directrice-generale\" target=\"_blank\" rel=\"noopener noreferrer nofollow\">Audrey Azoulay<\/a>, directrice g\u00e9n\u00e9rale r\u00e9\u00e9lue le 9 novembre 2021, qui associe en qualit\u00e9 d\u2019expert en 2022\/2023 la Maison Mode M\u00e9diterran\u00e9e, devenue entre temps (en 2019) le Fonds de Dotation Maison Mode M\u00e9diterran\u00e9e (FDDMMM) pour la 1\u00e8re \u00e9tude et restitution sur les m\u00e9tiers de la Mode en Afrique.<\/p>\n<p>Enfin, du <a href=\"https:\/\/www.francophonie.org\/\" target=\"_blank\" rel=\"noopener noreferrer nofollow\">Sommet de la Francophonie<\/a> en 2024 auquel le FDDMMM participe et qui sacre 5 marques laur\u00e9ates venues du Maroc, de l\u2019Egypte, du Liban, de la Tunisie et du S\u00e9n\u00e9gal.<\/p>\n<p>Nous ne saurions clore ce court chapitre consacr\u00e9 \u00e0 la reconnaissance de l\u2019oeuvre accomplie par Maryline sans citer les distinctions qui ont honor\u00e9 son parcours: Les Palmes Acad\u00e9miques, la distinction de Chevalier dans l\u2019Ordre National du M\u00e9rite et de Chevalier dans l\u2019Ordre National de la L\u00e9gion d\u2019Honneur.<\/p>\n<p><img loading=\"lazy\" decoding=\"async\" class=\"aligncenter wp-image-18652 size-large\" src=\"https:\/\/tatachristiane.com\/univers\/wp-content\/uploads\/2025\/09\/71368e50e49dd3ef-tatachristiane-1024x819.jpg\" alt=\"\" width=\"1024\" height=\"819\" srcset=\"https:\/\/tatachristiane.com\/univers\/wp-content\/uploads\/2025\/09\/71368e50e49dd3ef-tatachristiane-1024x819.jpg 1024w, https:\/\/tatachristiane.com\/univers\/wp-content\/uploads\/2025\/09\/71368e50e49dd3ef-tatachristiane-300x240.jpg 300w, https:\/\/tatachristiane.com\/univers\/wp-content\/uploads\/2025\/09\/71368e50e49dd3ef-tatachristiane-768x614.jpg 768w, https:\/\/tatachristiane.com\/univers\/wp-content\/uploads\/2025\/09\/71368e50e49dd3ef-tatachristiane-1536x1229.jpg 1536w, https:\/\/tatachristiane.com\/univers\/wp-content\/uploads\/2025\/09\/71368e50e49dd3ef-tatachristiane-2048x1638.jpg 2048w\" sizes=\"auto, (max-width: 1024px) 100vw, 1024px\" \/><\/p>\n<h2 id=\"porte-ouverte-avenir\">Une Porte Ouverte sur l&#8217;Avenir<\/h2>\n<p>Plus que jamais, ce qui est maintenant le FDDMMM s\u2019inscrit dans un horizon de plus en plus vaste. Marseille est une Porte toujours grand ouverte&#8230;<\/p>\n<p>En mai 2023, Maryline a pass\u00e9 la main (sans toutefois abandonner sa place au Conseil d\u2019Administration).<\/p>\n<p>Depuis cette date, la gouvernance actuelle est la suivante:<\/p>\n<ul>\n<li><strong id=\"jina-luciani\">Jina Luciani<\/strong>, americano-franco libanaise, fondatrice de la marque \u00e9co responsable \u00ab<a href=\"https:\/\/occidente.fr\/\" target=\"_blank\" rel=\"noopener noreferrer nofollow\">Occidente<\/a>\u00bb, cinquantenaire engag\u00e9e et altruiste, cultivant autant les langues (anglais, fran\u00e7ais, arabe litt\u00e9raire\u2026) que les opportunit\u00e9s du b\u00e9n\u00e9volat.<\/li>\n<li><strong id=\"sakina-msa\">Sakina M\u2019Sa<\/strong>, franco comorienne, vice pr\u00e9sidente et premi\u00e8re bourse de formation 1992 de MMM, seule structure de mode en France labellis\u00e9e \u00abUnion des Deux Rives\u00bb au Sommet de la M\u00e9diterran\u00e9e (<a href=\"#reconnaissance-consolidee\">voir plus haut<\/a>).<\/li>\n<\/ul>\n<p>Tout est en place. On ne peut, pour les ans nombreux \u00e0 venir, que souhaiter bonne travers\u00e9e au \u00abnouvel \u00e9quipage\u00bb.<\/p>\n<h2 id=\"michel-bourgeois\">Michel Bourgeois<\/h2>\n<p><img loading=\"lazy\" decoding=\"async\" class=\"alignleft wp-image-18639\" src=\"https:\/\/tatachristiane.com\/univers\/wp-content\/uploads\/2025\/09\/95768e50e092adc6-tatachristiane-577x1024.jpg\" alt=\"\" width=\"250\" height=\"443\" srcset=\"https:\/\/tatachristiane.com\/univers\/wp-content\/uploads\/2025\/09\/95768e50e092adc6-tatachristiane-577x1024.jpg 577w, https:\/\/tatachristiane.com\/univers\/wp-content\/uploads\/2025\/09\/95768e50e092adc6-tatachristiane-169x300.jpg 169w, https:\/\/tatachristiane.com\/univers\/wp-content\/uploads\/2025\/09\/95768e50e092adc6-tatachristiane-768x1362.jpg 768w, https:\/\/tatachristiane.com\/univers\/wp-content\/uploads\/2025\/09\/95768e50e092adc6-tatachristiane-866x1536.jpg 866w, https:\/\/tatachristiane.com\/univers\/wp-content\/uploads\/2025\/09\/95768e50e092adc6-tatachristiane.jpg 902w\" sizes=\"auto, (max-width: 250px) 100vw, 250px\" \/>Age 73 ans<\/p>\n<p>Cadre commercial <a href=\"https:\/\/www.sncf.com\/fr\" target=\"_blank\" rel=\"noopener noreferrer nofollow\">SNCF<\/a> \u00e0 la retraite.<\/p>\n<p>Aimant voyages et arts (litt\u00e9rature, peinture, musique&#8230;)<\/p>\n<p>A particip\u00e9 \u00e0 de nombreux services et associations humanitaires (<a href=\"https:\/\/www.restosducoeur.org\/\" target=\"_blank\" rel=\"noopener noreferrer nofollow\">Restos du Coeur<\/a>, <a href=\"https:\/\/www.petitsfreresdespauvres.fr\/\" target=\"_blank\" rel=\"noopener noreferrer nofollow\">Petits fr\u00e8res des Pauvres<\/a>, <a href=\"https:\/\/www.medecinsdumonde.org\/fr\" target=\"_blank\" rel=\"noopener noreferrer nofollow\">M\u00e9decins du Monde<\/a>, <a href=\"https:\/\/samu-social-international.com\/\" target=\"_blank\" rel=\"noopener noreferrer nofollow\">Samu Social<\/a>, <a href=\"https:\/\/www.atd-quartmonde.org\/\" target=\"_blank\" rel=\"noopener noreferrer nofollow\">ATD Quart Monde<\/a>, <a href=\"https:\/\/www.confederationciq.fr\/\" target=\"_blank\" rel=\"noopener noreferrer nofollow\">Conf\u00e9d\u00e9ration des CIQ<\/a>&#8230;) politiques (<a href=\"https:\/\/www.ldh-france.org\/\" target=\"_blank\" rel=\"noopener noreferrer nofollow\">LDH<\/a>, <a href=\"https:\/\/www.licra.org\/\" target=\"_blank\" rel=\"noopener noreferrer nofollow\">LICRA<\/a>, <a href=\"https:\/\/www.parti-socialiste.fr\/\" target=\"_blank\" rel=\"noopener noreferrer nofollow\">Parti Socialiste<\/a>..) et humanistes (<a href=\"https:\/\/www.godf.org\/\" target=\"_blank\" rel=\"noopener noreferrer nofollow\">Grand Orient de France<\/a>)&#8230;<\/p>\n<p>Mais ses principales r\u00e9alisations restent &#8211; conjointement avec son \u00e9pouse Marie Th\u00e9 &#8211; ses deux filles ET indirectement ses deux petits fils&#8230;<\/p>\n<h2><\/h2>\n<h2><\/h2>\n<h2><\/h2>\n<h2 id=\"points-cles-mmm\">Points Cl\u00e9s des Actions du Fonds de Dotation Maison Mode M\u00e9diterran\u00e9e (MMM)<\/h2>\n<h3 id=\"soutien-createurs\">Soutien aux Cr\u00e9ateurs M\u00e9diterran\u00e9ens et Africains<\/h3>\n<p>Le Fonds de Dotation MMM accompagne les cr\u00e9ateurs et chercheurs issus de r\u00e9gions \u00e9loign\u00e9es des centres de mode, comme le Maroc, la Tunisie, l&#8217;\u00c9gypte, le Liban, et le S\u00e9n\u00e9gal. Son objectif est de promouvoir la diversit\u00e9 culturelle et l&#8217;\u00e9galit\u00e9 des genres.<\/p>\n<h3 id=\"festival-open-my-med\">Festival Open my Med<\/h3>\n<p>De 2016 \u00e0 2019, MMM a organis\u00e9 le festival Open my Med, combinant d\u00e9fil\u00e9s et expositions dans des mus\u00e9es marseillais tels que le Mus\u00e9e de la Mode et le <a href=\"https:\/\/www.mucem.org\/\" target=\"_blank\" rel=\"noopener noreferrer nofollow\">MUCEM<\/a>. Ce festival a accueilli des designers renomm\u00e9s, comme <a href=\"https:\/\/www.jacquemus.com\/fr_fr\/\" target=\"_blank\" rel=\"noopener noreferrer nofollow\">Simon Porte Jacquemus<\/a> et <a href=\"https:\/\/www.koche.fr\/\" target=\"_blank\" rel=\"noopener noreferrer nofollow\">Christelle Koch\u00e9<\/a>.<\/p>\n<h3 id=\"expositions-collaborations\">Expositions et Collaborations Internationales<\/h3>\n<p>MMM a organis\u00e9 45 expositions en partenariat avec des institutions culturelles et mus\u00e9es. Le Fonds a \u00e9galement collabor\u00e9 avec l&#8217;<a href=\"https:\/\/www.unesco.org\/fr\" target=\"_blank\" rel=\"noopener noreferrer nofollow\">UNESCO<\/a> pour soutenir l&#8217;industrie de la mode en Afrique.<\/p>\n<h3 id=\"programmes-bourses\">Programmes de Bourses<\/h3>\n<p>Le Fonds de Dotation MMM propose des bourses pour soutenir les cr\u00e9ateurs et chercheurs en M\u00e9diterran\u00e9e et en Afrique francophone, en finan\u00e7ant des projets centr\u00e9s sur la mode, le patrimoine et la recherche scientifique.<\/p>\n<h3 id=\"collections-mode\">Collections de Mode<\/h3>\n<p>MMM a constitu\u00e9 des collections de v\u00eatements pour le Mus\u00e9e de la Mode et pour sa propre association, contribuant ainsi \u00e0 la pr\u00e9servation du patrimoine de la mode.<\/p>\n<h3 id=\"evenements-culturels-academiques\">\u00c9v\u00e9nements Culturels et Acad\u00e9miques<\/h3>\n<p>Le Fonds organise des voyages d&#8217;\u00e9tudes, des master classes, et des collaborations avec des centres de ressources, favorisant la transmission des savoir-faire et l&#8217;innovation.<\/p>\n<h3 id=\"mode-responsable\">Engagement pour une Mode Responsable<\/h3>\n<p>MMM soutient une vision de la mode \u00e9thique, artisanale, et innovante. Le Fonds favorise l&#8217;\u00e9change de connaissances pour faire \u00e9voluer le secteur vers une plus grande durabilit\u00e9.<\/p>\n<p>Ces initiatives montrent l\u2019engagement du Fonds de Dotation MMM en faveur d&#8217;une mode inclusive et durable, tout en contribuant \u00e0 la reconnaissance des talents dans les pays m\u00e9diterran\u00e9ens et africains.<\/p>\n<p><img loading=\"lazy\" decoding=\"async\" class=\"aligncenter wp-image-18641 size-large\" src=\"https:\/\/tatachristiane.com\/univers\/wp-content\/uploads\/2025\/09\/5468e50e10cec04-tatachristiane-1024x683.jpg\" alt=\"\" width=\"1024\" height=\"683\" srcset=\"https:\/\/tatachristiane.com\/univers\/wp-content\/uploads\/2025\/09\/5468e50e10cec04-tatachristiane-1024x683.jpg 1024w, https:\/\/tatachristiane.com\/univers\/wp-content\/uploads\/2025\/09\/5468e50e10cec04-tatachristiane-300x200.jpg 300w, https:\/\/tatachristiane.com\/univers\/wp-content\/uploads\/2025\/09\/5468e50e10cec04-tatachristiane-768x512.jpg 768w, https:\/\/tatachristiane.com\/univers\/wp-content\/uploads\/2025\/09\/5468e50e10cec04-tatachristiane-1536x1024.jpg 1536w, https:\/\/tatachristiane.com\/univers\/wp-content\/uploads\/2025\/09\/5468e50e10cec04-tatachristiane-2048x1365.jpg 2048w\" sizes=\"auto, (max-width: 1024px) 100vw, 1024px\" \/><\/p>\n<h2 id=\"nouvelle-equipe\">Pr\u00e9sentation de la Nouvelle \u00c9quipe aux C\u00f4t\u00e9s de Maryline Bellieud-Vigouroux<\/h2>\n<h3>Jina Luciani : Pr\u00e9sidente Engag\u00e9e pour une Mode Durable<\/h3>\n<p><img loading=\"lazy\" decoding=\"async\" class=\"alignleft wp-image-18644\" src=\"https:\/\/tatachristiane.com\/univers\/wp-content\/uploads\/2025\/09\/77068e50e1e1da9a-tatachristiane-683x1024.jpg\" alt=\"\" width=\"250\" height=\"375\" srcset=\"https:\/\/tatachristiane.com\/univers\/wp-content\/uploads\/2025\/09\/77068e50e1e1da9a-tatachristiane-683x1024.jpg 683w, https:\/\/tatachristiane.com\/univers\/wp-content\/uploads\/2025\/09\/77068e50e1e1da9a-tatachristiane-200x300.jpg 200w, https:\/\/tatachristiane.com\/univers\/wp-content\/uploads\/2025\/09\/77068e50e1e1da9a-tatachristiane-768x1152.jpg 768w, https:\/\/tatachristiane.com\/univers\/wp-content\/uploads\/2025\/09\/77068e50e1e1da9a-tatachristiane-1024x1536.jpg 1024w, https:\/\/tatachristiane.com\/univers\/wp-content\/uploads\/2025\/09\/77068e50e1e1da9a-tatachristiane-1366x2048.jpg 1366w, https:\/\/tatachristiane.com\/univers\/wp-content\/uploads\/2025\/09\/77068e50e1e1da9a-tatachristiane.jpg 1989w\" sizes=\"auto, (max-width: 250px) 100vw, 250px\" \/>Jina Luciani est une figure marquante de la mode m\u00e9diterran\u00e9enne et internationale, reconnue pour son engagement en faveur d&#8217;une mode \u00e9thique et durable. N\u00e9e \u00e0 Beyrouth et \u00e9lev\u00e9e dans le Sud de la France, elle a suivi une formation en design de mode au <a href=\"https:\/\/www.fitnyc.edu\/\" target=\"_blank\" rel=\"noopener noreferrer nofollow\">Fashion Institute of Technology<\/a> de New York, puis s&#8217;est sp\u00e9cialis\u00e9e en lingerie \u00e0 l&#8217;\u00e9cole <a href=\"https:\/\/www.esmod.com\/fr\/\" target=\"_blank\" rel=\"noopener noreferrer nofollow\">ESMOD Paris<\/a>, d&#8217;o\u00f9 elle est sortie dipl\u00f4m\u00e9e avec mention. Sa carri\u00e8re a d\u00e9but\u00e9 comme vice-pr\u00e9sidente du design chez Viamode NY, o\u00f9 elle a collabor\u00e9 avec des marques prestigieuses telles que Barneys New York, avant de fonder sa propre marque, French Nomad.<\/p>\n<p>En 2006, de retour en France, elle lance <a href=\"https:\/\/occidente.fr\/\" target=\"_blank\" rel=\"noopener noreferrer nofollow\">Occidente<\/a>, un label de mode \u00e9coresponsable inspir\u00e9 par l&#8217;art de vivre m\u00e9diterran\u00e9en, qui allie luxe et bien-\u00eatre. Cette marque est reconnue pour ses collections de lingerie, lounge et yogawear, beachwear, et re\u00e7oit un accueil enthousiaste de la presse internationale, comme <em>Le Monde<\/em>, <em>ELLE<\/em>, et <em>Women\u2019s Wear Daily<\/em>. Elle a \u00e9galement \u00e9t\u00e9 plusieurs fois laur\u00e9ate du prix &#8220;The Selection&#8221; au <a href=\"https:\/\/saloninternationaldelalingerie.com\/salon-international-de-la-lingerie-en\/\" target=\"_blank\" rel=\"noopener noreferrer nofollow\">Salon International de la Lingerie<\/a> \u00e0 Paris.<\/p>\n<p>En 2016, Luciani a \u00e9t\u00e9 distingu\u00e9e par le prix OpenMyMed de la Maison Mode M\u00e9diterran\u00e9e pour son travail avec Occidente et, en 2019, elle rejoint le Conseil d&#8217;Administration du Fonds de Dotation Maison Mode M\u00e9diterran\u00e9e (FDDMMM), dont elle devient pr\u00e9sidente en 2024. Son parcours est marqu\u00e9 par une vision de la mode engag\u00e9e en faveur de la diversit\u00e9 culturelle et de l&#8217;inclusion, avec un accent sur le d\u00e9veloppement durable. Elle si\u00e8ge \u00e9galement comme Ma\u00eetre Artisan d&#8217;Art et membre de <a href=\"https:\/\/cew.asso.fr\/\" target=\"_blank\" rel=\"noopener noreferrer nofollow\">Cosmetic Executive Women France<\/a> et intervient aupr\u00e8s de jeunes cr\u00e9ateurs \u00e0 l&#8217;<a href=\"https:\/\/ecoles-conde.com\/campus\/ecole-de-conde-nice\/\" target=\"_blank\" rel=\"noopener noreferrer nofollow\">\u00c9cole de Cond\u00e9 \u00e0 Nice<\/a> et \u00e0 l\u2019<a href=\"https:\/\/www.univ-amu.fr\/\" target=\"_blank\" rel=\"noopener noreferrer nofollow\">Universit\u00e9 Aix-Marseille<\/a>, o\u00f9 elle promeut une mode respectueuse de l&#8217;environnement et de la culture m\u00e9diterran\u00e9enne.<\/p>\n<h3>Sakina M&#8217;Sa : Vice-Pr\u00e9sidente et Pionni\u00e8re de la Mode \u00c9thique<\/h3>\n<p><img loading=\"lazy\" decoding=\"async\" class=\"alignleft wp-image-18655\" src=\"https:\/\/tatachristiane.com\/univers\/wp-content\/uploads\/2025\/09\/88468e51227e9982-tatachristiane.jpg\" alt=\"\" width=\"250\" height=\"250\" srcset=\"https:\/\/tatachristiane.com\/univers\/wp-content\/uploads\/2025\/09\/88468e51227e9982-tatachristiane.jpg 418w, https:\/\/tatachristiane.com\/univers\/wp-content\/uploads\/2025\/09\/88468e51227e9982-tatachristiane-300x300.jpg 300w, https:\/\/tatachristiane.com\/univers\/wp-content\/uploads\/2025\/09\/88468e51227e9982-tatachristiane-150x150.jpg 150w\" sizes=\"auto, (max-width: 250px) 100vw, 250px\" \/>Sakina M&#8217;Sa est une cr\u00e9atrice de mode franco-comorienne au parcours pionnier et engag\u00e9. Elle est vice-pr\u00e9sidente du Fonds de Dotation Maison Mode M\u00e9diterran\u00e9e (FDDMMM) et a une relation de longue date avec l&#8217;institution, ayant \u00e9t\u00e9 la premi\u00e8re r\u00e9cipiendaire de la bourse de formation en 1992 de la Maison Mode M\u00e9diterran\u00e9e. Reconnue pour son approche sociale et \u00e9coresponsable de la mode, elle est \u00e9galement la fondatrice d&#8217;une marque \u00e9ponyme qui met en avant des valeurs de durabilit\u00e9 et d&#8217;inclusion.<\/p>\n<p>Sa structure est la seule en France \u00e0 avoir re\u00e7u le label \u00ab Union des Deux Rives \u00bb lors du Sommet de la M\u00e9diterran\u00e9e, une distinction qui souligne son engagement pour le rapprochement entre les cultures des rives nord et sud de la M\u00e9diterran\u00e9e. En tant que vice-pr\u00e9sidente du FDDMMM, Sakina M&#8217;Sa soutient activement des initiatives visant \u00e0 promouvoir une mode inclusive et solidaire, \u00e0 encourager les jeunes talents et \u00e0 renforcer la coop\u00e9ration culturelle en M\u00e9diterran\u00e9e. Sa vision de la mode, fond\u00e9e sur l&#8217;authenticit\u00e9 et l&#8217;impact social, en fait une personnalit\u00e9 influente dans le secteur, particuli\u00e8rement dans le domaine de la mode \u00e9thique et innovante.<\/p>\n<\/article>\n","protected":false},"excerpt":{"rendered":"<p><title>Maryline Bellieud-Vigouroux : Le C\u0153ur \u00e0 l\u2019Ouvrage \u2014 Maison Mode M\u00e9diterran\u00e9e<\/title>\n<link rel=\"canonical\" href=\"https:\/\/example.com\/maryline-bellieud-vigouroux-le-coeur-a-louvrage\/\">\n<meta name=\"description\" content=\"Interview de Maryline Bellieud-Vigouroux sur l\u2019ancrage de la mode \u00e0 Marseille et en M\u00e9diterran\u00e9e : prix, bourses, transmission, durabilit\u00e9, coop\u00e9ration culturelle.\"><\/p>\n","protected":false},"author":3,"featured_media":18640,"comment_status":"closed","ping_status":"open","sticky":false,"template":"","format":"standard","meta":{"_acf_changed":false,"footnotes":""},"categories":[185,1],"tags":[2357,2346,2377,2380,2361,2347,2351,2376,2350,2383,2373,2374,2356,2358,2362,2359,2348,2335,2367,2334,2360,2336,2369,2370,2371,2372,2368,2378,2353,2375,2382,2349,2379,2381,857,2354],"class_list":["post-18633","post","type-post","status-publish","format-standard","has-post-thumbnail","hentry","category-news-fr","category-news","tag-audrey-azoulay","tag-azzedine-alaia","tag-bassin-mediterraneen","tag-bourses","tag-bruno-pavlovski","tag-chanel","tag-chateau-borely","tag-cooperation-culturelle","tag-cours-julien","tag-culture-marseillaise","tag-diversite","tag-education-a-la-mode","tag-emmanuel-macron","tag-francois-mitterrand","tag-francoise-montenay","tag-jack-lang","tag-le-19m","tag-maison-mode-mediterranee","tag-marseille-mode","tag-maryline-bellieud-vigouroux","tag-michel-wilmotte","tag-mmm","tag-mode-africaine","tag-mode-durable","tag-mode-ethique","tag-mode-inclusive","tag-mode-mediterraneenne","tag-musee-de-la-mode-marseille","tag-open-my-med","tag-patrimoine-de-la-mode","tag-recherche-en-mode","tag-rudi-ricciotti","tag-sommet-de-la-francophonie","tag-subventions","tag-tata-christiane","tag-unesco"],"blocksy_meta":"","featured_image_urls_v2":{"full":["https:\/\/tatachristiane.com\/univers\/wp-content\/uploads\/2025\/09\/63168e50e0c4e580-tatachristiane.jpg",1600,1200,false],"thumbnail":["https:\/\/tatachristiane.com\/univers\/wp-content\/uploads\/2025\/09\/63168e50e0c4e580-tatachristiane-150x150.jpg",150,150,true],"medium":["https:\/\/tatachristiane.com\/univers\/wp-content\/uploads\/2025\/09\/63168e50e0c4e580-tatachristiane-300x225.jpg",300,225,true],"medium_large":["https:\/\/tatachristiane.com\/univers\/wp-content\/uploads\/2025\/09\/63168e50e0c4e580-tatachristiane-768x576.jpg",768,576,true],"large":["https:\/\/tatachristiane.com\/univers\/wp-content\/uploads\/2025\/09\/63168e50e0c4e580-tatachristiane-1024x768.jpg",1024,768,true],"1536x1536":["https:\/\/tatachristiane.com\/univers\/wp-content\/uploads\/2025\/09\/63168e50e0c4e580-tatachristiane-1536x1152.jpg",1536,1152,true],"2048x2048":["https:\/\/tatachristiane.com\/univers\/wp-content\/uploads\/2025\/09\/63168e50e0c4e580-tatachristiane.jpg",1600,1200,false],"landscape-640":["https:\/\/tatachristiane.com\/univers\/wp-content\/uploads\/2025\/09\/63168e50e0c4e580-tatachristiane-640x480.jpg",640,480,true]},"post_excerpt_stackable_v2":"<p><title>Maryline Bellieud-Vigouroux : Le C\u0153ur \u00e0 l\u2019Ouvrage \u2014 Maison Mode M\u00e9diterran\u00e9e<\/title>\n<link rel=\"canonical\" href=\"https:\/\/example.com\/maryline-bellieud-vigouroux-le-coeur-a-louvrage\/\">\n<meta name=\"description\" content=\"Interview de Maryline Bellieud-Vigouroux sur l\u2019ancrage de la mode \u00e0 Marseille et en M\u00e9diterran\u00e9e : prix, bourses, transmission, durabilit\u00e9, coop\u00e9ration culturelle.\"><\/p>\n","category_list_v2":"<a href=\"https:\/\/tatachristiane.com\/univers\/news-fr\/\" rel=\"category tag\">News<\/a>, <a href=\"https:\/\/tatachristiane.com\/univers\/news\/\" rel=\"category tag\">News<\/a>","author_info_v2":{"name":"Tata Christiane","url":"https:\/\/tatachristiane.com\/univers\/author\/tata-christiane\/"},"comments_num_v2":"0 comments","acf":[],"featured_image_url":"https:\/\/tatachristiane.com\/univers\/wp-content\/uploads\/2025\/09\/63168e50e0c4e580-tatachristiane-1024x768.jpg","featured_image_url_alt":"Maryline Bellieud-Vigouroux: Le Coeur \u00e0 l\u2019Ouvrage","_links":{"self":[{"href":"https:\/\/tatachristiane.com\/univers\/wp-json\/wp\/v2\/posts\/18633","targetHints":{"allow":["GET"]}}],"collection":[{"href":"https:\/\/tatachristiane.com\/univers\/wp-json\/wp\/v2\/posts"}],"about":[{"href":"https:\/\/tatachristiane.com\/univers\/wp-json\/wp\/v2\/types\/post"}],"author":[{"embeddable":true,"href":"https:\/\/tatachristiane.com\/univers\/wp-json\/wp\/v2\/users\/3"}],"replies":[{"embeddable":true,"href":"https:\/\/tatachristiane.com\/univers\/wp-json\/wp\/v2\/comments?post=18633"}],"version-history":[{"count":0,"href":"https:\/\/tatachristiane.com\/univers\/wp-json\/wp\/v2\/posts\/18633\/revisions"}],"wp:featuredmedia":[{"embeddable":true,"href":"https:\/\/tatachristiane.com\/univers\/wp-json\/wp\/v2\/media\/18640"}],"wp:attachment":[{"href":"https:\/\/tatachristiane.com\/univers\/wp-json\/wp\/v2\/media?parent=18633"}],"wp:term":[{"taxonomy":"category","embeddable":true,"href":"https:\/\/tatachristiane.com\/univers\/wp-json\/wp\/v2\/categories?post=18633"},{"taxonomy":"post_tag","embeddable":true,"href":"https:\/\/tatachristiane.com\/univers\/wp-json\/wp\/v2\/tags?post=18633"}],"curies":[{"name":"wp","href":"https:\/\/api.w.org\/{rel}","templated":true}]}}